{"id":1777,"date":"2017-10-24T15:34:38","date_gmt":"2017-10-24T13:34:38","guid":{"rendered":"http:\/\/kaosedizioni.com\/?p=1777"},"modified":"2017-10-25T17:56:47","modified_gmt":"2017-10-25T15:56:47","slug":"vi-immagino-cresciuti","status":"publish","type":"post","link":"https:\/\/kaosedizioni.com\/?p=1777","title":{"rendered":"Vi immagino cresciuti"},"content":{"rendered":"<p><img loading=\"lazy\" class=\"wp-image-1776 size-medium aligncenter\" src=\"https:\/\/kaosedizioni.com\/wp-content\/uploads\/2016\/09\/Gramsci-Lettere-di-paternita\u0300-copia-200x300.jpg\" alt=\"\" width=\"200\" height=\"300\" \/><\/p>\n<p>&nbsp;<\/p>\n<p>&nbsp;<\/p>\n<hr \/>\n<p style=\"text-align: center;\">Antonio Gramsci<br \/>\n<strong>VI IMMAGINO CRESCIUTI<br \/>\n<\/strong>978-88-7953-307-2 \u2212 pagg. 202 \u2212 \u20ac 18,00<\/p>\n<hr \/>\n<h6><\/h6>\n<p style=\"text-align: center;\"><strong>Negli scritti di Antonio Gramsci dalla clandestinit\u00e0 e dal carcere, e nelle lettere ai suoi figli Delio e Giuliano, l\u2019atroce impedimento di vivere la paternit\u00e0.<\/strong><\/p>\n<p align=\"JUSTIFY\">\n<p align=\"JUSTIFY\"><em>16 gennaio 1933<\/em><\/p>\n<p align=\"JUSTIFY\">\u00abCarissimi Delio e Giuliano, non mi avete pi\u00f9 scritto, perch\u00e9?, da tanto tempo. Non so pi\u00f9 nulla degli esseri viventi di Delio, del suo fringuello, dei pesciolini. E poi: Delio ha ricevuto il libro di Pinocchio? Gli sono piaciute le illustrazioni? Corrispondono esse all\u2019immagine che egli si era fatto del burattino? E a Giuliano piace la storia di Pinocchio? Quali sono ora i centri del vostro interesse sia a scuola che in casa? Scrivetemi tante cose, tutt\u2019e due. Vi abbraccio tanto e vi faccio tante carezze. Antonio\u00bb.<\/p>\n<p>&nbsp;<\/p>\n","protected":false},"excerpt":{"rendered":"<p>&nbsp; &nbsp; Antonio Gramsci VI IMMAGINO CRESCIUTI 978-88-7953-307-2 \u2212 pagg. 202 \u2212 \u20ac 18,00 Negli scritti di Antonio Gramsci dalla clandestinit\u00e0 e dal carcere, e nelle lettere ai suoi figli Delio e Giuliano, l\u2019atroce impedimento di vivere la paternit\u00e0. 16 gennaio 1933 \u00abCarissimi Delio e Giuliano, non mi avete pi\u00f9 scritto, perch\u00e9?, da tanto tempo. [&hellip;]<\/p>\n","protected":false},"author":3,"featured_media":0,"comment_status":"closed","ping_status":"closed","sticky":false,"template":"","format":"standard","meta":{"spay_email":"","jetpack_publicize_message":"","jetpack_is_tweetstorm":false,"jetpack_publicize_feature_enabled":true},"categories":[7,22],"tags":[],"jetpack_featured_media_url":"","jetpack_publicize_connections":[],"jetpack_sharing_enabled":true,"jetpack_shortlink":"https:\/\/wp.me\/p7YVhT-sF","_links":{"self":[{"href":"https:\/\/kaosedizioni.com\/index.php?rest_route=\/wp\/v2\/posts\/1777"}],"collection":[{"href":"https:\/\/kaosedizioni.com\/index.php?rest_route=\/wp\/v2\/posts"}],"about":[{"href":"https:\/\/kaosedizioni.com\/index.php?rest_route=\/wp\/v2\/types\/post"}],"author":[{"embeddable":true,"href":"https:\/\/kaosedizioni.com\/index.php?rest_route=\/wp\/v2\/users\/3"}],"replies":[{"embeddable":true,"href":"https:\/\/kaosedizioni.com\/index.php?rest_route=%2Fwp%2Fv2%2Fcomments&post=1777"}],"version-history":[{"count":6,"href":"https:\/\/kaosedizioni.com\/index.php?rest_route=\/wp\/v2\/posts\/1777\/revisions"}],"predecessor-version":[{"id":1797,"href":"https:\/\/kaosedizioni.com\/index.php?rest_route=\/wp\/v2\/posts\/1777\/revisions\/1797"}],"wp:attachment":[{"href":"https:\/\/kaosedizioni.com\/index.php?rest_route=%2Fwp%2Fv2%2Fmedia&parent=1777"}],"wp:term":[{"taxonomy":"category","embeddable":true,"href":"https:\/\/kaosedizioni.com\/index.php?rest_route=%2Fwp%2Fv2%2Fcategories&post=1777"},{"taxonomy":"post_tag","embeddable":true,"href":"https:\/\/kaosedizioni.com\/index.php?rest_route=%2Fwp%2Fv2%2Ftags&post=1777"}],"curies":[{"name":"wp","href":"https:\/\/api.w.org\/{rel}","templated":true}]}}