{"id":2345,"date":"2020-11-13T06:02:41","date_gmt":"2020-11-13T05:02:41","guid":{"rendered":"http:\/\/kaosedizioni.com\/?p=2345"},"modified":"2020-11-13T06:22:13","modified_gmt":"2020-11-13T05:22:13","slug":"lanticapitalismo-imperfetto","status":"publish","type":"post","link":"https:\/\/kaosedizioni.com\/?p=2345","title":{"rendered":"L\u2019anticapitalismo imperfetto"},"content":{"rendered":"\n<div class=\"wp-block-image\"><figure class=\"aligncenter size-large\"><img loading=\"lazy\" width=\"200\" height=\"299\" src=\"https:\/\/kaosedizioni.com\/wp-content\/uploads\/2020\/11\/Anticapitalismo-imperfetto-2020-copia.jpg\" alt=\"\" class=\"wp-image-2807\"\/><\/figure><\/div>\n\n\n\n<hr class=\"wp-block-separator\"\/>\n\n\n\n<p class=\"has-text-align-center\"><strong>Giorgio Galli<\/strong><br><strong>L\u2019ANTICAPITALISMO IMPERFETTO<br><\/strong>978-88-7953-342-3 \u2212\u00a0pagg.\u00a0202\u2212 \u20ac\u00a017,00<br><\/p>\n\n\n\n<hr class=\"wp-block-separator\"\/>\n\n\n\n<p><\/p>\n\n\n\n<p class=\"has-text-align-justify\">Questo libro tratta della critica al capitalismo, a livello sistemico e nell\u2019ambito italiano, dei suoi risultati e dei suoi limiti. Questi ultimi motivano il titolo di \u201canticapitalismo imperfetto\u201d, che richiama anche il titolo del mio fortunato libro del 1966 [<em>Il bipartitismo imperfetto<\/em>, dove] precisavo: \u00abLa critica pi\u00f9 sistematica e pi\u00f9 seria alla democrazia parlamentare, che \u00e8 una democrazia rappresentativa e che pu\u00f2 anche essere definita \u201cborghese\u201d per le sue origini e per il tipo di societ\u00e0 nella quale si \u00e8 sviluppata, \u00e8 quella formulata dal pensiero marxista. Questa critica si sostanzia nell\u2019asserzione che il carattere di classe della societ\u00e0 capitalistica, il fatto che i mezzi di produzione e di scambio siano di propriet\u00e0, o gestiti o controllati solo da un gruppo sociale determinato, e non dall\u2019intera collettivit\u00e0, colloca tutti gli altri gruppi in una posizione di inferiorit\u00e0. L\u2019eguaglianza giuridica non corrisponde a una situazione di pariteticit\u00e0 in fatto di potere decisionale. Questo giudizio, nelle sue linee fondamentali, rimane esatto\u00bb.<br>Ma, a met\u00e0 dello scorso secolo, il \u201cmarxismo\u201d non consisteva solo in quell\u2019asserzione, relativa alla societ\u00e0 capitalistica. Si dicevano ispirate e orientate dal pensiero marxista altre societ\u00e0, come l\u2019Urss e la Cina, che sostenevano di aver superato la fase capitalistica e di essere alle prese con la costruzione del socialismo, in vista del comunismo, mentre personalit\u00e0 e correnti di pensiero che pure si richiamavano al \u201cmarxismo\u201d negavano quest\u2019altra asserzione. A mezzo secolo di distanza, la situazione socio-culturale \u00e8 completamente diversa. La Russia ha accantonato il marxismo. Vi rimane fedele il partito comunista cinese (col semi-satellite nord-coreano), che definisce il \u201ccontinental State\u201d imperiale di cui \u00e8 al governo un \u00abcapitalismo armonioso\u00bb, preludio del socialismo. [&#8230;]<br>Il fatto \u00e8 che, in sole due generazioni, il pensiero marxista, dominante in un terzo del pianeta e impegnato a costruire il socialismo, si \u00e8 ridotto, salvo che in Cina, a essere appannaggio di piccolissimi gruppi politici e di pochi singoli studiosi, confermato come analisi economica del capitalismo, ma privo di conseguenze appunto politiche nel mondo globalizzato delle multinazionali&#8230;<\/p>\n\n\n\n<p class=\"has-text-align-right\">Giorgio Galli<\/p>\n\n\n\n<p><\/p>\n\n\n\n<p><\/p>\n\n\n\n<p class=\"has-text-align-justify has-small-font-size\"><strong>GIORGIO GALLI<\/strong> (Milano 1928), storico e politologo, \u00e8 autore di numerosi saggi. Tra le sue ultime pubblicazioni con Kaos edizioni: <em><a href=\"https:\/\/kaosedizioni.com\/?p=349\" target=\"_blank\" rel=\"noreferrer noopener\">Pasolini comunista dissidente<\/a><\/em> (2010), <em><a href=\"https:\/\/kaosedizioni.com\/?p=345\" target=\"_blank\" rel=\"noreferrer noopener\">Il golpe invisibile<\/a><\/em> (2015), <em><a href=\"https:\/\/kaosedizioni.com\/?p=1497\" target=\"_blank\" rel=\"noreferrer noopener\">Hitler e il nazismo magico<\/a><\/em> (2017). Ha curato la prima edizione critica del <a href=\"https:\/\/kaosedizioni.com\/?p=73\" target=\"_blank\" rel=\"noreferrer noopener\"><em>Mein Kampf<\/em> di Adolf Hitler<\/a> (Kaos edizioni 2002).<\/p>\n","protected":false},"excerpt":{"rendered":"<p>Giorgio GalliL\u2019ANTICAPITALISMO IMPERFETTO978-88-7953-342-3 \u2212\u00a0pagg.\u00a0202\u2212 \u20ac\u00a017,00 Questo libro tratta della critica al capitalismo, a livello sistemico e nell\u2019ambito italiano, dei suoi risultati e dei suoi limiti. Questi ultimi motivano il titolo di \u201canticapitalismo imperfetto\u201d, che richiama anche il titolo del mio fortunato libro del 1966 [Il bipartitismo imperfetto, dove] precisavo: \u00abLa critica pi\u00f9 sistematica e pi\u00f9 [&hellip;]<\/p>\n","protected":false},"author":3,"featured_media":0,"comment_status":"closed","ping_status":"closed","sticky":false,"template":"","format":"standard","meta":{"spay_email":"","jetpack_publicize_message":"","jetpack_is_tweetstorm":false,"jetpack_publicize_feature_enabled":true},"categories":[14,22],"tags":[39,51],"jetpack_featured_media_url":"","jetpack_publicize_connections":[],"jetpack_sharing_enabled":true,"jetpack_shortlink":"https:\/\/wp.me\/p7YVhT-BP","_links":{"self":[{"href":"https:\/\/kaosedizioni.com\/index.php?rest_route=\/wp\/v2\/posts\/2345"}],"collection":[{"href":"https:\/\/kaosedizioni.com\/index.php?rest_route=\/wp\/v2\/posts"}],"about":[{"href":"https:\/\/kaosedizioni.com\/index.php?rest_route=\/wp\/v2\/types\/post"}],"author":[{"embeddable":true,"href":"https:\/\/kaosedizioni.com\/index.php?rest_route=\/wp\/v2\/users\/3"}],"replies":[{"embeddable":true,"href":"https:\/\/kaosedizioni.com\/index.php?rest_route=%2Fwp%2Fv2%2Fcomments&post=2345"}],"version-history":[{"count":8,"href":"https:\/\/kaosedizioni.com\/index.php?rest_route=\/wp\/v2\/posts\/2345\/revisions"}],"predecessor-version":[{"id":2819,"href":"https:\/\/kaosedizioni.com\/index.php?rest_route=\/wp\/v2\/posts\/2345\/revisions\/2819"}],"wp:attachment":[{"href":"https:\/\/kaosedizioni.com\/index.php?rest_route=%2Fwp%2Fv2%2Fmedia&parent=2345"}],"wp:term":[{"taxonomy":"category","embeddable":true,"href":"https:\/\/kaosedizioni.com\/index.php?rest_route=%2Fwp%2Fv2%2Fcategories&post=2345"},{"taxonomy":"post_tag","embeddable":true,"href":"https:\/\/kaosedizioni.com\/index.php?rest_route=%2Fwp%2Fv2%2Ftags&post=2345"}],"curies":[{"name":"wp","href":"https:\/\/api.w.org\/{rel}","templated":true}]}}