{"id":2365,"date":"2020-04-14T09:56:22","date_gmt":"2020-04-14T07:56:22","guid":{"rendered":"http:\/\/kaosedizioni.com\/?p=2365"},"modified":"2020-04-14T10:08:45","modified_gmt":"2020-04-14T08:08:45","slug":"le-verita-dicibili","status":"publish","type":"post","link":"https:\/\/kaosedizioni.com\/?p=2365","title":{"rendered":"Le verit\u00e0 dicibili"},"content":{"rendered":"\n<div class=\"wp-block-image\"><figure class=\"aligncenter size-large\"><img loading=\"lazy\" width=\"200\" height=\"299\" src=\"https:\/\/kaosedizioni.com\/wp-content\/uploads\/2020\/04\/Verita\u0300-dicibili-2020-copia.jpg\" alt=\"\" class=\"wp-image-2359\"\/><\/figure><\/div>\n\n\n\n<hr class=\"wp-block-separator\"\/>\n\n\n\n<p class=\"has-text-align-center\">Lorenzo Ruggiero [<em>a cura di<\/em>]<br><strong>LE VERIT\u00c0 DICIBILI<br><\/strong>ISBN 978-88-7953-339-3 \u2212 pagg. 320 \u2212 \u20ac 20,00<\/p>\n\n\n\n<hr class=\"wp-block-separator\"\/>\n\n\n\n<p>I brani salienti delle tre relazioni annuali della II Commissione parlamentare di inchiesta sul delitto Moro (2015-2017). Pagine perlopi\u00f9 ignorate o censurate col silenzio dai media nazionali, le quali confermano che il sequestro del presidente della Dc \u00e8 rimasto un delitto senza verit\u00e0: dall&#8217;inizio (la strage di via Fani), alla fine (l&#8217;uccisione di Moro).<\/p>\n\n\n\n<p>\u00abCon nuovi elementi e precisi dati di fatto, la Il Commissione parlamentare ha confutato la \u201cverit\u00e0 ufficiale\u201d sul delitto Moro (versione dei fatti basata in sostanza sul memoriale dell\u2019ex terrorista Valerio Morucci), a partire dalla fuga del terroristi da via Fanl subito dopo la strage, il 16 marzo 1978. Secondo la versione ufficiale, l terroristi in fuga a bordo di 3 macchine abbandonarono le auto In via Licinio Calvo la stessa mattina del16 marzo. Invece le auto furono parcheggiate In quella via in tre tempi diversi (il 16, il 17 e il 19 marzo). Una tempistica resa possibile dal fatto &#8211; accertato dalla II Commissione &#8211; che subito dopo la strage i terroristi avevano occultato 2 delle 3 auto, e probabilmente lo stesso ostaggio, nel garage di un vicino edificio dello Ior vaticano di via Massimi 91\u00bb [<em>Giorgio Galli<\/em>].<\/p>\n\n\n\n<p>I nuovi accertamenti di una seconda Commissione parlamentare la quale, nel denunciare come il memoriale Morucci abbia segnato \u00abi confini della \u201cverit\u00e0 dicibile\u201d del caso Moro, si \u00e8 limitata ad allargare tali confini. A conferma del fatto che la verit\u00e0 sul delitto Moro rimane indicibile.<\/p>\n\n\n\n<p><\/p>\n\n\n\n<p class=\"has-text-color has-text-align-center has-medium-font-size has-vivid-cyan-blue-color\"><a href=\"https:\/\/kaosedizioni.com\/wp-content\/uploads\/2020\/04\/Le-verita\u0300-dicibili-2020-prefazione-Galli.pdf\" target=\"_blank\" rel=\"noreferrer noopener\"><strong>Leggi la Prefazione di Giorgio Galli<\/strong><\/a><\/p>\n\n\n\n<p><\/p>\n","protected":false},"excerpt":{"rendered":"<p>Lorenzo Ruggiero [a cura di]LE VERIT\u00c0 DICIBILIISBN 978-88-7953-339-3 \u2212 pagg. 320 \u2212 \u20ac 20,00 I brani salienti delle tre relazioni annuali della II Commissione parlamentare di inchiesta sul delitto Moro (2015-2017). Pagine perlopi\u00f9 ignorate o censurate col silenzio dai media nazionali, le quali confermano che il sequestro del presidente della Dc \u00e8 rimasto un delitto [&hellip;]<\/p>\n","protected":false},"author":3,"featured_media":0,"comment_status":"closed","ping_status":"closed","sticky":false,"template":"","format":"standard","meta":{"spay_email":"","jetpack_publicize_message":"","jetpack_is_tweetstorm":false,"jetpack_publicize_feature_enabled":true},"categories":[6,22],"tags":[29,51],"jetpack_featured_media_url":"","jetpack_publicize_connections":[],"jetpack_sharing_enabled":true,"jetpack_shortlink":"https:\/\/wp.me\/p7YVhT-C9","_links":{"self":[{"href":"https:\/\/kaosedizioni.com\/index.php?rest_route=\/wp\/v2\/posts\/2365"}],"collection":[{"href":"https:\/\/kaosedizioni.com\/index.php?rest_route=\/wp\/v2\/posts"}],"about":[{"href":"https:\/\/kaosedizioni.com\/index.php?rest_route=\/wp\/v2\/types\/post"}],"author":[{"embeddable":true,"href":"https:\/\/kaosedizioni.com\/index.php?rest_route=\/wp\/v2\/users\/3"}],"replies":[{"embeddable":true,"href":"https:\/\/kaosedizioni.com\/index.php?rest_route=%2Fwp%2Fv2%2Fcomments&post=2365"}],"version-history":[{"count":3,"href":"https:\/\/kaosedizioni.com\/index.php?rest_route=\/wp\/v2\/posts\/2365\/revisions"}],"predecessor-version":[{"id":2389,"href":"https:\/\/kaosedizioni.com\/index.php?rest_route=\/wp\/v2\/posts\/2365\/revisions\/2389"}],"wp:attachment":[{"href":"https:\/\/kaosedizioni.com\/index.php?rest_route=%2Fwp%2Fv2%2Fmedia&parent=2365"}],"wp:term":[{"taxonomy":"category","embeddable":true,"href":"https:\/\/kaosedizioni.com\/index.php?rest_route=%2Fwp%2Fv2%2Fcategories&post=2365"},{"taxonomy":"post_tag","embeddable":true,"href":"https:\/\/kaosedizioni.com\/index.php?rest_route=%2Fwp%2Fv2%2Ftags&post=2365"}],"curies":[{"name":"wp","href":"https:\/\/api.w.org\/{rel}","templated":true}]}}