{"id":26,"date":"2016-09-26T15:18:14","date_gmt":"2016-09-26T13:18:14","guid":{"rendered":"https:\/\/kaosedizionicom.wordpress.com\/?p=26"},"modified":"2018-11-09T17:05:04","modified_gmt":"2018-11-09T16:05:04","slug":"il-covo-di-stato-e-la-prigione-fantasma","status":"publish","type":"post","link":"https:\/\/kaosedizioni.com\/?p=26","title":{"rendered":"Il covo di stato e la prigione fantasma"},"content":{"rendered":"<p style=\"text-align: justify;\"><img loading=\"lazy\" class=\"aligncenter wp-image-40 size-full\" src=\"https:\/\/kaosedizionicom.files.wordpress.com\/2016\/09\/covo-di-stato-e-prigione-fantasma.jpg\" alt=\"Layout 1\" width=\"200\" height=\"299\" \/><\/p>\n<p>&nbsp;<\/p>\n<p>&nbsp;<\/p>\n<hr \/>\n<p style=\"text-align: center;\"><span class=\"itemExtraFieldsValueKaos\">Sergio Flamigni<br \/>\n<\/span><strong><span class=\"itemExtraFieldsValueKaos\">IL COVO DI STATO E LA PRIGIONE FANTASMA<br \/>\n<\/span><\/strong><span style=\"font-size: xx-small;\"><span style=\"color: #333333;\"><span style=\"font-family: Consolas, Monaco, monospace;\">978-88-7953-293-8 \u2212 pagg. 402 \u2212 \u20ac 23,00<\/span><\/span><\/span><\/p>\n<hr \/>\n<h6 style=\"text-align: justify;\"><\/h6>\n<p style=\"text-align: justify;\">Nuova edizione di due controinchieste (<em>Il covo di Stato<\/em> e <em>La prigione fantasma<\/em>) su due aspetti cruciali del delitto Moro: la base romana delle Br collocata in via Gradoli, e le menzogne degli ex terroristi sulla detenzione e l\u2019uccisione del prigioniero in via Montalcini. Il capo brigatista Mario Moretti colloc\u00f2 la base romana delle Brigate rosse in via Gradoli, una strada senza uscita che gi\u00e0 ospitava numerose entit\u00e0 e apparati, e in un edificio al numero civico 96 zeppo di appartamenti gestiti da fiduciari del servizio segreto del Viminale. In queste pagine ci sono le prove documentali che la base Br di via Gradoli \u2013 a poca distanza dall\u2019abitazione di Aldo Moro e da via Fani \u2013 era in pratica un covo di Stato. Secondo la versione dei fatti raccontata dagli ex terroristi e avallata da alcuni magistrati, Moro sarebbe stato tenuto prigioniero per tutta la durante del sequestro, e infine ucciso, nel covo Br di via Montalcini 8 (Roma). Ma in queste pagine, attraverso documenti e testimonianze, si dimostra che quella di via Montalcini non fu affatto la prigione del presidente della Dc, n\u00e9 il luogo della sua uccisione. La base romana delle Br collocata proprio in via Gradoli, rivela le torbide ambiguit\u00e0 del capo terrorista Mario Moretti, adombrando le connivenze che hanno propiziato la strage di via Fani. E la versione brigatista di Moro prigioniero e ucciso in via Montalcini \u00e8 l\u2019estrema menzogna finalizzata a occultare il vero scenario del delitto che ha cambiato il corso della storia italiana.<\/p>\n<p>&nbsp;<\/p>\n<h3 style=\"text-align: center;\"><a href=\"https:\/\/kaosedizioni.com\/wp-content\/uploads\/2018\/11\/Estratto-Covo-e-prigione.pdf\" target=\"_blank\" rel=\"noopener\"><span style=\"color: #ff0000;\">Leggi un&#8217;anteprima<\/span><\/a><\/h3>\n<p>&nbsp;<\/p>\n<p style=\"text-align: justify;\"><strong>SERGIO FLAMIGNI<\/strong> (Forl\u00ec, 1925), parlamentare del Pci dal 1968 al 1987, ha fatto parte delle Commissioni parlamentari d\u2019inchiesta sul delitto Moro, sulla P2 e Antimafia. Autore del best seller <em>La tela del ragno<\/em> (5\u00aa edizione 2003), ha scritto fra l\u2019altro: <em>\u00abIl mio sangue ricadr\u00e0 su di loro\u00bb. Gli scritti di Aldo Moro prigioniero delle Br<\/em> (1997); <em>Convergenze parallele<\/em> (1998); <em>La sfinge delle Brigate rosse <\/em>(2004); <em>Le idi di marzo<\/em> (2007); <em>Patto di omert\u00e0<\/em> (2015); tutti pubblicati da Kaos edizioni.<\/p>\n","protected":false},"excerpt":{"rendered":"<p>&nbsp; &nbsp; Sergio Flamigni IL COVO DI STATO E LA PRIGIONE FANTASMA 978-88-7953-293-8 \u2212 pagg. 402 \u2212 \u20ac 23,00 Nuova edizione di due controinchieste (Il covo di Stato e La prigione fantasma) su due aspetti cruciali del delitto Moro: la base romana delle Br collocata in via Gradoli, e le menzogne degli ex terroristi sulla [&hellip;]<\/p>\n","protected":false},"author":2,"featured_media":0,"comment_status":"closed","ping_status":"closed","sticky":false,"template":"","format":"standard","meta":{"spay_email":"","jetpack_publicize_message":"","jetpack_is_tweetstorm":false,"jetpack_publicize_feature_enabled":true},"categories":[16,22],"tags":[41],"jetpack_featured_media_url":"","jetpack_publicize_connections":[],"jetpack_sharing_enabled":true,"jetpack_shortlink":"https:\/\/wp.me\/p7YVhT-q","_links":{"self":[{"href":"https:\/\/kaosedizioni.com\/index.php?rest_route=\/wp\/v2\/posts\/26"}],"collection":[{"href":"https:\/\/kaosedizioni.com\/index.php?rest_route=\/wp\/v2\/posts"}],"about":[{"href":"https:\/\/kaosedizioni.com\/index.php?rest_route=\/wp\/v2\/types\/post"}],"author":[{"embeddable":true,"href":"https:\/\/kaosedizioni.com\/index.php?rest_route=\/wp\/v2\/users\/2"}],"replies":[{"embeddable":true,"href":"https:\/\/kaosedizioni.com\/index.php?rest_route=%2Fwp%2Fv2%2Fcomments&post=26"}],"version-history":[{"count":6,"href":"https:\/\/kaosedizioni.com\/index.php?rest_route=\/wp\/v2\/posts\/26\/revisions"}],"predecessor-version":[{"id":2025,"href":"https:\/\/kaosedizioni.com\/index.php?rest_route=\/wp\/v2\/posts\/26\/revisions\/2025"}],"wp:attachment":[{"href":"https:\/\/kaosedizioni.com\/index.php?rest_route=%2Fwp%2Fv2%2Fmedia&parent=26"}],"wp:term":[{"taxonomy":"category","embeddable":true,"href":"https:\/\/kaosedizioni.com\/index.php?rest_route=%2Fwp%2Fv2%2Fcategories&post=26"},{"taxonomy":"post_tag","embeddable":true,"href":"https:\/\/kaosedizioni.com\/index.php?rest_route=%2Fwp%2Fv2%2Ftags&post=26"}],"curies":[{"name":"wp","href":"https:\/\/api.w.org\/{rel}","templated":true}]}}