{"id":389,"date":"2016-09-26T14:41:23","date_gmt":"2016-09-26T12:41:23","guid":{"rendered":"https:\/\/kaosedizionicom.wordpress.com\/?p=389"},"modified":"2017-04-21T13:51:38","modified_gmt":"2017-04-21T11:51:38","slug":"il-prezzo-della-democrazia","status":"publish","type":"post","link":"https:\/\/kaosedizioni.com\/?p=389","title":{"rendered":"Il prezzo della democrazia"},"content":{"rendered":"<p><img loading=\"lazy\" class=\"wp-image-391 size-medium aligncenter\" src=\"https:\/\/kaosedizionicom.files.wordpress.com\/2016\/09\/prezzo-democrazia.jpg?w=194\" width=\"194\" height=\"300\" srcset=\"https:\/\/kaosedizioni.com\/wp-content\/uploads\/2016\/09\/prezzo-democrazia.jpg 200w, https:\/\/kaosedizioni.com\/wp-content\/uploads\/2016\/09\/prezzo-democrazia-194x300.jpg 194w\" sizes=\"(max-width: 194px) 100vw, 194px\" \/><\/p>\n<p>&nbsp;<\/p>\n<p>&nbsp;<\/p>\n<p>&nbsp;<\/p>\n<hr \/>\n<p style=\"text-align: center;\">Giorgio Galli<br \/>\n<strong>IL PREZZO DELLA DEMOCRAZIA<\/strong><br \/>\n<span style=\"color: #000000;\"><span style=\"font-family: Georgia, serif;\"><span style=\"font-size: small;\">88-7953-106-9 \u2212 pagg. 278 \u2212 \u20ac 15,00<\/span><\/span><\/span><\/p>\n<hr \/>\n<h6 style=\"text-align: justify;\"><\/h6>\n<p><span style=\"text-decoration: underline; color: #99cc00;\">\u00a0<\/span><\/p>\n<p style=\"text-align: justify;\">\u00abA partire dal dopoguerra, in Italia si sono consolidate negli anni consorterie di potere e una diffusa cultura dell\u2019illegalit\u00e0 del tutto estranee alla \u201cguerra fredda\u201d (in difesa della libert\u00e0 dalla supposta minaccia comunista), le quali hanno fatto pagare alla societ\u00e0 un prezzo molto elevato, in termini di prestigio delle istituzioni, di etica sociale, di corretto funzionamento dell\u2019economia e di peso del crimine organizzato.<br \/>\nLe personalit\u00e0 politiche della cosiddetta Prima repubblica possono essere valutate a seconda del ruolo che esse hanno avuto in relazione a quel prezzo: vi \u00e8 chi ha contribuito a renderlo elevato, e chi si \u00e8 impegnato a ridurlo; ritengo che Giulio Andreotti vada collocato senz\u2019altro nella prima categoria.<br \/>\nAffermare che nel trascorso cinquantennio repubblicano vi sono state collusioni politiche con la criminalit\u00e0 organizzata, constatare che l\u2019economia della corruzione da fisiologia \u00e8 degenerata in patologia, e che alcuni uomini politici pi\u00f9 di altri sono responsabili del prezzo elevato che varie generazioni di cittadini hanno pagato per lo sviluppo della nostra societ\u00e0, non significa affatto sostenere che la mafia abbia governato l\u2019Italia e che la nostra storia della seconda met\u00e0 del XX Secolo sia una storia criminale. Allo stesso modo, riconoscere le gravissime spregiudicatezze che hanno costellato e scandito la carriera di Giulio Andreotti non significa ritenerla tout court una biografia politica criminale. Quella andreottiana \u00e8 stata piuttosto una carriera di potere caratterizzata da molte pi\u00f9 ombre che luci, costate alla democrazia italiana un prezzo assai elevato. Ed \u00e8 quanto con il presente lavoro mi propongo di dimostrare\u00bb.<\/p>\n","protected":false},"excerpt":{"rendered":"<p>&nbsp; &nbsp; &nbsp; Giorgio Galli IL PREZZO DELLA DEMOCRAZIA 88-7953-106-9 \u2212 pagg. 278 \u2212 \u20ac 15,00 \u00a0 \u00abA partire dal dopoguerra, in Italia si sono consolidate negli anni consorterie di potere e una diffusa cultura dell\u2019illegalit\u00e0 del tutto estranee alla \u201cguerra fredda\u201d (in difesa della libert\u00e0 dalla supposta minaccia comunista), le quali hanno fatto pagare [&hellip;]<\/p>\n","protected":false},"author":2,"featured_media":0,"comment_status":"closed","ping_status":"closed","sticky":false,"template":"","format":"standard","meta":{"spay_email":"","jetpack_publicize_message":"","jetpack_is_tweetstorm":false,"jetpack_publicize_feature_enabled":true},"categories":[14],"tags":[35,39],"jetpack_featured_media_url":"","jetpack_publicize_connections":[],"jetpack_sharing_enabled":true,"jetpack_shortlink":"https:\/\/wp.me\/p7YVhT-6h","_links":{"self":[{"href":"https:\/\/kaosedizioni.com\/index.php?rest_route=\/wp\/v2\/posts\/389"}],"collection":[{"href":"https:\/\/kaosedizioni.com\/index.php?rest_route=\/wp\/v2\/posts"}],"about":[{"href":"https:\/\/kaosedizioni.com\/index.php?rest_route=\/wp\/v2\/types\/post"}],"author":[{"embeddable":true,"href":"https:\/\/kaosedizioni.com\/index.php?rest_route=\/wp\/v2\/users\/2"}],"replies":[{"embeddable":true,"href":"https:\/\/kaosedizioni.com\/index.php?rest_route=%2Fwp%2Fv2%2Fcomments&post=389"}],"version-history":[{"count":3,"href":"https:\/\/kaosedizioni.com\/index.php?rest_route=\/wp\/v2\/posts\/389\/revisions"}],"predecessor-version":[{"id":1655,"href":"https:\/\/kaosedizioni.com\/index.php?rest_route=\/wp\/v2\/posts\/389\/revisions\/1655"}],"wp:attachment":[{"href":"https:\/\/kaosedizioni.com\/index.php?rest_route=%2Fwp%2Fv2%2Fmedia&parent=389"}],"wp:term":[{"taxonomy":"category","embeddable":true,"href":"https:\/\/kaosedizioni.com\/index.php?rest_route=%2Fwp%2Fv2%2Fcategories&post=389"},{"taxonomy":"post_tag","embeddable":true,"href":"https:\/\/kaosedizioni.com\/index.php?rest_route=%2Fwp%2Fv2%2Ftags&post=389"}],"curies":[{"name":"wp","href":"https:\/\/api.w.org\/{rel}","templated":true}]}}