{"id":453,"date":"2016-09-28T17:39:27","date_gmt":"2016-09-28T15:39:27","guid":{"rendered":"https:\/\/kaosedizionicom.wordpress.com\/?p=453"},"modified":"2017-04-20T10:20:33","modified_gmt":"2017-04-20T08:20:33","slug":"pedro-ricordo-di-mio-padre","status":"publish","type":"post","link":"https:\/\/kaosedizioni.com\/?p=453","title":{"rendered":"Pedro. Ricordo di mio padre"},"content":{"rendered":"<p style=\"text-align: justify;\"><img loading=\"lazy\" class=\"wp-image-165 size-full aligncenter\" src=\"https:\/\/kaosedizionicom.files.wordpress.com\/2016\/09\/pedro_petrini-copia.jpg\" width=\"200\" height=\"300\" \/><\/p>\n<p>&nbsp;<\/p>\n<p>&nbsp;<\/p>\n<hr \/>\n<p style=\"text-align: center;\">Giancarlo Petrini<br \/>\n<strong>PEDRO. RICORDO DI MIO PADRE<br \/>\n<\/strong><span style=\"color: #333333;\"><span style=\"font-family: Courier, monospace;\"><span style=\"font-size: xx-small;\">978-88-7953-246-4 \u2212 pagg. 130 \u2212 \u20ac 14,00<\/span><\/span><\/span><\/p>\n<hr \/>\n<h6 style=\"text-align: justify;\"><\/h6>\n<h6 style=\"text-align: justify;\"><\/h6>\n<p>&nbsp;<\/p>\n<p style=\"text-align: justify;\"><strong>Ricordo di Carlo Petrini.<\/strong><\/p>\n<p style=\"text-align: justify;\">Giancarlo Petrini, primogenito dell\u2019ex calciatore Carlo Petrini (1948-2012), ricorda il padre e le vicende che ne hanno scandito la vita turbolenta: dagli anni d\u2019oro del calcio di serie A, alla fuga all\u2019estero, al dramma del figlio Diego, fino al ritorno in Italia per gli ultimi anni attraversati dalla malattia.<br \/>\n\u00abSono cresciuto come un bambino speciale perch\u00e9 avevo un pap\u00e0 speciale: un calciatore di serie A che tutti gli altri bambini mi invidiavano. La mia infanzia \u00e8 stata segnata da questo padre-calciatore, dalla sua presenza e dalla sua assenza: quando non c\u2019era lo aspettavo, quando era presente lo adoravo. Mi piaceva anche il suo soprannome, Pedro&#8230;\u00bb.<br \/>\nUn ritratto biografico di Carlo Petrini, attraverso la cronaca di un\u2019esistenza piena di luci e di ombre, fino al riscatto finale. \u00abPedro alla fine \u00e8 riuscito a riscattarsi affrontando anni di sofferenze con una dignit\u00e0 e un coraggio che non potr\u00f2 mai dimenticare. \u00c8 come se, in zona Cesarini, avesse segnato il gol della vittoria\u00bb.<\/p>\n","protected":false},"excerpt":{"rendered":"<p>&nbsp; &nbsp; Giancarlo Petrini PEDRO. RICORDO DI MIO PADRE 978-88-7953-246-4 \u2212 pagg. 130 \u2212 \u20ac 14,00 &nbsp; Ricordo di Carlo Petrini. Giancarlo Petrini, primogenito dell\u2019ex calciatore Carlo Petrini (1948-2012), ricorda il padre e le vicende che ne hanno scandito la vita turbolenta: dagli anni d\u2019oro del calcio di serie A, alla fuga all\u2019estero, al dramma [&hellip;]<\/p>\n","protected":false},"author":2,"featured_media":0,"comment_status":"closed","ping_status":"closed","sticky":false,"template":"","format":"standard","meta":{"spay_email":"","jetpack_publicize_message":"","jetpack_is_tweetstorm":false,"jetpack_publicize_feature_enabled":true},"categories":[5],"tags":[27],"jetpack_featured_media_url":"","jetpack_publicize_connections":[],"jetpack_sharing_enabled":true,"jetpack_shortlink":"https:\/\/wp.me\/p7YVhT-7j","_links":{"self":[{"href":"https:\/\/kaosedizioni.com\/index.php?rest_route=\/wp\/v2\/posts\/453"}],"collection":[{"href":"https:\/\/kaosedizioni.com\/index.php?rest_route=\/wp\/v2\/posts"}],"about":[{"href":"https:\/\/kaosedizioni.com\/index.php?rest_route=\/wp\/v2\/types\/post"}],"author":[{"embeddable":true,"href":"https:\/\/kaosedizioni.com\/index.php?rest_route=\/wp\/v2\/users\/2"}],"replies":[{"embeddable":true,"href":"https:\/\/kaosedizioni.com\/index.php?rest_route=%2Fwp%2Fv2%2Fcomments&post=453"}],"version-history":[{"count":4,"href":"https:\/\/kaosedizioni.com\/index.php?rest_route=\/wp\/v2\/posts\/453\/revisions"}],"predecessor-version":[{"id":1333,"href":"https:\/\/kaosedizioni.com\/index.php?rest_route=\/wp\/v2\/posts\/453\/revisions\/1333"}],"wp:attachment":[{"href":"https:\/\/kaosedizioni.com\/index.php?rest_route=%2Fwp%2Fv2%2Fmedia&parent=453"}],"wp:term":[{"taxonomy":"category","embeddable":true,"href":"https:\/\/kaosedizioni.com\/index.php?rest_route=%2Fwp%2Fv2%2Fcategories&post=453"},{"taxonomy":"post_tag","embeddable":true,"href":"https:\/\/kaosedizioni.com\/index.php?rest_route=%2Fwp%2Fv2%2Ftags&post=453"}],"curies":[{"name":"wp","href":"https:\/\/api.w.org\/{rel}","templated":true}]}}