{"id":467,"date":"2016-09-26T17:51:37","date_gmt":"2016-09-26T15:51:37","guid":{"rendered":"https:\/\/kaosedizionicom.wordpress.com\/?p=467"},"modified":"2017-04-20T10:31:21","modified_gmt":"2017-04-20T08:31:21","slug":"le-corna-del-diavolo","status":"publish","type":"post","link":"https:\/\/kaosedizioni.com\/?p=467","title":{"rendered":"Le corna del diavolo"},"content":{"rendered":"<p style=\"text-align: justify;\"><img loading=\"lazy\" class=\"wp-image-228 size-medium aligncenter\" src=\"https:\/\/kaosedizionicom.files.wordpress.com\/2016\/09\/corna-del-diavolo.jpg?w=198\" width=\"198\" height=\"300\" \/><\/p>\n<p>&nbsp;<\/p>\n<p>&nbsp;<\/p>\n<hr \/>\n<p style=\"text-align: center;\">Carlo Petrini<br \/>\n<strong>LE CORNA DEL DIAVOLO<br \/>\n<\/strong><span style=\"color: #333333;\"><span style=\"font-family: Consolas, Monaco, monospace;\"><span style=\"font-size: xx-small;\"><span style=\"color: #000000;\"><span style=\"font-family: Verdana, sans-serif;\">88-7953-154-9 \u2212 pagg. 296 \u2212 \u20ac 17,00<\/span><\/span><\/span><\/span><\/span><\/p>\n<hr \/>\n<h6 style=\"text-align: justify;\"><\/h6>\n<h6 style=\"text-align: justify;\"><\/h6>\n<p>&nbsp;<\/p>\n<p style=\"text-align: justify;\"><strong>Il Milan di Berlusconi.<\/strong><\/p>\n<p>&nbsp;<\/p>\n<p style=\"text-align: justify;\">\u00abQuesto libro \u00e8 un\u2019altra battaglia della mia guerra personale contro le falsit\u00e0 e le omert\u00e0 del mondo pallonaro. Non certo da moralista, perch\u00e9 non lo sono mai stato, ma da uno che odia l\u2019ipocrisia e gli piace chiamare le cose con il loro nome. Non da disgraziato ex calciatore oggi \u201cpentito\u201d (perch\u00e9 non sono pentito di niente), ma da uno che non ci sta a passare per la mela marcia e il \u201cmaledetto\u201d in un mondo di puri e di angioletti. \u2028Questo \u00e8 un altro dei libri che avrebbero dovuto scrivere i signori giornalisti esperti di calcio, ma loro un libro cos\u00ec non lo hanno mai scritto n\u00e9 mai lo scriverebbero. Perch\u00e9 i signori giornalisti sportivi (come categoria, e salvo eccezioni) sono dei servi del potere impegnati a fare i ruffiani per la loro carriera, per cui pi\u00f9 che informare censurano, e passano il tempo a leccare il culo del potere pallonaro. Ce ne sono certi con delle lingue cos\u00ec allenate che sono pronte a passare dal fondoschiena dei presidenti, a quello dei lucianimoggi, a quello dei campioni (finch\u00e9 lo sono&#8230;), insomma il culo di chiunque abbia un po\u2019 di potere. \u2028Nessuno dei cronisti delle gazzette sportive avrebbe mai scritto un libro come Le corna del Diavolo, dato che il protagonista, oltre a essere il padrone del Milan e del calcio italiano, \u00e8 anche il monopolista della tv privata e un capo politico. Non solo: \u00e8 il pi\u00f9 importante editore italiano di libri e giornali, \u00e8 stato per anni presidente del Consiglio, \u00e8 uno degli individui pi\u00f9 ricchi del mondo. Insomma \u00e8 da molti anni l\u2019ometto pi\u00f9 potente d\u2019Italia, e infatti detiene il record mondiale di giornalisti-leccaculo: una met\u00e0 sono suoi dipendenti, l\u2019altra met\u00e0 sbava per diventarlo. Logico che una categoria di servi del genere neanche si azzarda a raccontare come il signor Berlusconi abbia messo le mani sul Milan calcio, e come a colpi di miliardi \u201cneri\u201d e \u201cgrigi\u201d lo abbia fatto diventare uno strumento per conquistare il potere politico. \u2028Lo ripeto ancora: non sono un moralista. Ma \u00e8 ora che il mondo pallonaro venga raccontato per quello che veramente \u00e8: basta con le finzioni, le ipocrisie, la retorica e l\u2019omert\u00e0. Come ex calciatore (anche del Milan, stagione 1968-69), io posso permettermi di raccontare le cose come stanno: non ho interessi nell\u2019ambiente, e della politica non me ne frega niente.\u00bb<br \/>\nCarlo Petrini<\/p>\n","protected":false},"excerpt":{"rendered":"<p>&nbsp; &nbsp; Carlo Petrini LE CORNA DEL DIAVOLO 88-7953-154-9 \u2212 pagg. 296 \u2212 \u20ac 17,00 &nbsp; Il Milan di Berlusconi. &nbsp; \u00abQuesto libro \u00e8 un\u2019altra battaglia della mia guerra personale contro le falsit\u00e0 e le omert\u00e0 del mondo pallonaro. Non certo da moralista, perch\u00e9 non lo sono mai stato, ma da uno che odia l\u2019ipocrisia [&hellip;]<\/p>\n","protected":false},"author":2,"featured_media":0,"comment_status":"closed","ping_status":"closed","sticky":false,"template":"","format":"standard","meta":{"spay_email":"","jetpack_publicize_message":"","jetpack_is_tweetstorm":false,"jetpack_publicize_feature_enabled":true},"categories":[5],"tags":[27],"jetpack_featured_media_url":"","jetpack_publicize_connections":[],"jetpack_sharing_enabled":true,"jetpack_shortlink":"https:\/\/wp.me\/p7YVhT-7x","_links":{"self":[{"href":"https:\/\/kaosedizioni.com\/index.php?rest_route=\/wp\/v2\/posts\/467"}],"collection":[{"href":"https:\/\/kaosedizioni.com\/index.php?rest_route=\/wp\/v2\/posts"}],"about":[{"href":"https:\/\/kaosedizioni.com\/index.php?rest_route=\/wp\/v2\/types\/post"}],"author":[{"embeddable":true,"href":"https:\/\/kaosedizioni.com\/index.php?rest_route=\/wp\/v2\/users\/2"}],"replies":[{"embeddable":true,"href":"https:\/\/kaosedizioni.com\/index.php?rest_route=%2Fwp%2Fv2%2Fcomments&post=467"}],"version-history":[{"count":4,"href":"https:\/\/kaosedizioni.com\/index.php?rest_route=\/wp\/v2\/posts\/467\/revisions"}],"predecessor-version":[{"id":1626,"href":"https:\/\/kaosedizioni.com\/index.php?rest_route=\/wp\/v2\/posts\/467\/revisions\/1626"}],"wp:attachment":[{"href":"https:\/\/kaosedizioni.com\/index.php?rest_route=%2Fwp%2Fv2%2Fmedia&parent=467"}],"wp:term":[{"taxonomy":"category","embeddable":true,"href":"https:\/\/kaosedizioni.com\/index.php?rest_route=%2Fwp%2Fv2%2Fcategories&post=467"},{"taxonomy":"post_tag","embeddable":true,"href":"https:\/\/kaosedizioni.com\/index.php?rest_route=%2Fwp%2Fv2%2Ftags&post=467"}],"curies":[{"name":"wp","href":"https:\/\/api.w.org\/{rel}","templated":true}]}}