{"id":498,"date":"2016-10-07T11:00:38","date_gmt":"2016-10-07T09:00:38","guid":{"rendered":"https:\/\/kaosedizionicom.wordpress.com\/?p=498"},"modified":"2016-11-30T16:28:25","modified_gmt":"2016-11-30T15:28:25","slug":"il-fuoco","status":"publish","type":"post","link":"https:\/\/kaosedizioni.com\/?p=498","title":{"rendered":"Il fuoco"},"content":{"rendered":"<p style=\"text-align: justify;\"><img loading=\"lazy\" class=\"wp-image-218 size-full aligncenter\" src=\"https:\/\/kaosedizionicom.files.wordpress.com\/2016\/09\/il-fuoco.jpg\" width=\"200\" height=\"300\" \/><\/p>\n<p>&nbsp;<\/p>\n<p>&nbsp;<\/p>\n<hr \/>\n<p style=\"text-align: center;\">Henri Barbusse<br \/>\n<strong>IL FUOCO<br \/>\n<\/strong><span style=\"font-size: xx-small;\"><span style=\"color: #333333;\"><span style=\"font-family: Consolas, Monaco, monospace;\">978-88-7953-174-0 \u2212 pagg. 380 \u2212 \u20ac 17,00<\/span><\/span><\/span><\/p>\n<hr \/>\n<h6 style=\"text-align: justify;\"><\/h6>\n<h6 style=\"text-align: justify;\"><\/h6>\n<p>&nbsp;<\/p>\n<p style=\"text-align: justify;\"><strong>Gli orrori della Prima guerra mondiale nel diario di un soldato al fronte.<\/strong><\/p>\n<p>&nbsp;<\/p>\n<p style=\"text-align: justify;\">Giornalista-scrittore di 41 anni, il francese Henri Barbusse nell\u2019agosto del 1914 si arruol\u00f2, e come soldato semplice del 231\u00b0 Reggimento fanteria and\u00f2 al fronte a combattere la Prima guerra mondiale. All\u2019inizio del 1916, degente in ospedale per le ferite riportate (verr\u00e0 poi riformato), cominci\u00f2 a scrivere, in forma di diario, gli orrori bellici cui aveva assistito, e nel giro di pochi mesi complet\u00f2 <em>Il fuoco<\/em>.<br \/>\nPubblicato dapprima a puntate sul quotidiano \u201cL\u2019Oeuvre\u201d durante l\u2019estate, quindi alla fine del 1916 in forma di libro, <em>Il fuoco<\/em> ebbe un grande successo di pubblico e di critica (gli fu anche attribuito il premio Goncourt), e si affermer\u00e0 nel tempo come un classico dell\u2019antimilitarismo e del pacifismo.<\/p>\n<p style=\"text-align: justify;\"><strong>HENRI BARBUSSE<\/strong> (1873-1935), scrittore e attivista politico, nel 1919 fond\u00f2 l\u2019associazione pacifista di orientamento marxista \u201cClart\u00e9\u201d. Nel 1923 ader\u00ec al Partito comunista francese, e nel 1935 dedic\u00f2 a Joseph Stalin una biografia apologetica. Mor\u00ec a Mosca nell\u2019agosto del 1935.<\/p>\n","protected":false},"excerpt":{"rendered":"<p>&nbsp; &nbsp; Henri Barbusse IL FUOCO 978-88-7953-174-0 \u2212 pagg. 380 \u2212 \u20ac 17,00 &nbsp; Gli orrori della Prima guerra mondiale nel diario di un soldato al fronte. &nbsp; Giornalista-scrittore di 41 anni, il francese Henri Barbusse nell\u2019agosto del 1914 si arruol\u00f2, e come soldato semplice del 231\u00b0 Reggimento fanteria and\u00f2 al fronte a combattere la [&hellip;]<\/p>\n","protected":false},"author":2,"featured_media":0,"comment_status":"closed","ping_status":"closed","sticky":false,"template":"","format":"standard","meta":{"spay_email":"","jetpack_publicize_message":"","jetpack_is_tweetstorm":false,"jetpack_publicize_feature_enabled":true},"categories":[2],"tags":[23,33,42],"jetpack_featured_media_url":"","jetpack_publicize_connections":[],"jetpack_sharing_enabled":true,"jetpack_shortlink":"https:\/\/wp.me\/p7YVhT-82","_links":{"self":[{"href":"https:\/\/kaosedizioni.com\/index.php?rest_route=\/wp\/v2\/posts\/498"}],"collection":[{"href":"https:\/\/kaosedizioni.com\/index.php?rest_route=\/wp\/v2\/posts"}],"about":[{"href":"https:\/\/kaosedizioni.com\/index.php?rest_route=\/wp\/v2\/types\/post"}],"author":[{"embeddable":true,"href":"https:\/\/kaosedizioni.com\/index.php?rest_route=\/wp\/v2\/users\/2"}],"replies":[{"embeddable":true,"href":"https:\/\/kaosedizioni.com\/index.php?rest_route=%2Fwp%2Fv2%2Fcomments&post=498"}],"version-history":[{"count":5,"href":"https:\/\/kaosedizioni.com\/index.php?rest_route=\/wp\/v2\/posts\/498\/revisions"}],"predecessor-version":[{"id":1415,"href":"https:\/\/kaosedizioni.com\/index.php?rest_route=\/wp\/v2\/posts\/498\/revisions\/1415"}],"wp:attachment":[{"href":"https:\/\/kaosedizioni.com\/index.php?rest_route=%2Fwp%2Fv2%2Fmedia&parent=498"}],"wp:term":[{"taxonomy":"category","embeddable":true,"href":"https:\/\/kaosedizioni.com\/index.php?rest_route=%2Fwp%2Fv2%2Fcategories&post=498"},{"taxonomy":"post_tag","embeddable":true,"href":"https:\/\/kaosedizioni.com\/index.php?rest_route=%2Fwp%2Fv2%2Ftags&post=498"}],"curies":[{"name":"wp","href":"https:\/\/api.w.org\/{rel}","templated":true}]}}